{"id":7349,"date":"2023-09-14T18:52:07","date_gmt":"2023-09-14T15:52:07","guid":{"rendered":"https:\/\/smz.lt\/?p=7349"},"modified":"2023-09-14T18:52:46","modified_gmt":"2023-09-14T15:52:46","slug":"polski-wystawa-dary-jesieni","status":"publish","type":"post","link":"https:\/\/smz.lt\/pl\/polski-wystawa-dary-jesieni\/","title":{"rendered":"Wystawa \u201eDary jesieni\u201c"},"content":{"rendered":"<p><em>Ju\u017c<\/em><em> w przedszkolu chodzi Jesie\u0144<\/em><\/p>\n<p><em>I ma jab\u0142ek pe\u0142n\u0105 kiesze\u0144<\/em><\/p>\n<p><em>Gruszki smaczne, \u015bliwki te\u017c<\/em><\/p>\n<p><em>Winogrona\u2026dobrze wiesz.<\/em><\/p>\n<p><em>\u00a0<\/em><\/p>\n<p><em>I do drzwi ju\u017c zapuka\u0142a<\/em><\/p>\n<p><em>Jarz\u0119bin\u0119 dzieciom da\u0142a<\/em><\/p>\n<p><em>I kasztany i \u017co\u0142\u0119dzie<\/em><\/p>\n<p><em>I jesiennie jest ju\u017c wsz\u0119dzie. <\/em><\/p>\n<p>14 wrze\u015bnia przedszkolaki wraz z wychowawczyniami, przy du\u017cym wsparciu i pomocy ze strony rodzic\u00f3w, dziadk\u00f3w wykona\u0142y na podw\u00f3rku jesienne k\u0105ciki przyrodnicze. Celem wystawy by\u0142o kszta\u0142towanie kreatywno\u015bci i wyobra\u017ani u dzieci oraz wsp\u00f3\u0142praca z cz\u0142onkami rodziny.\u00a0Zgromadzone dary jesieni pozwol\u0105 r\u00f3wnie\u017c na przeprowadzenie wielu atrakcyjnych zaj\u0119\u0107 i zabaw dydaktycznych dla dzieci.<\/p>","protected":false},"excerpt":{"rendered":"<p>Ju\u017c w przedszkolu chodzi Jesie\u0144 I ma jab\u0142ek pe\u0142n\u0105 kiesze\u0144 Gruszki smaczne, \u015bliwki te\u017c Winogrona\u2026dobrze wiesz. \u00a0 I do drzwi [&hellip;]<\/p>\n","protected":false},"author":6,"featured_media":7350,"comment_status":"closed","ping_status":"open","sticky":false,"template":"","format":"standard","meta":[],"categories":[1],"tags":[],"_links":{"self":[{"href":"https:\/\/smz.lt\/pl\/wp-json\/wp\/v2\/posts\/7349"}],"collection":[{"href":"https:\/\/smz.lt\/pl\/wp-json\/wp\/v2\/posts"}],"about":[{"href":"https:\/\/smz.lt\/pl\/wp-json\/wp\/v2\/types\/post"}],"author":[{"embeddable":true,"href":"https:\/\/smz.lt\/pl\/wp-json\/wp\/v2\/users\/6"}],"replies":[{"embeddable":true,"href":"https:\/\/smz.lt\/pl\/wp-json\/wp\/v2\/comments?post=7349"}],"version-history":[{"count":2,"href":"https:\/\/smz.lt\/pl\/wp-json\/wp\/v2\/posts\/7349\/revisions"}],"predecessor-version":[{"id":7364,"href":"https:\/\/smz.lt\/pl\/wp-json\/wp\/v2\/posts\/7349\/revisions\/7364"}],"wp:featuredmedia":[{"embeddable":true,"href":"https:\/\/smz.lt\/pl\/wp-json\/wp\/v2\/media\/7350"}],"wp:attachment":[{"href":"https:\/\/smz.lt\/pl\/wp-json\/wp\/v2\/media?parent=7349"}],"wp:term":[{"taxonomy":"category","embeddable":true,"href":"https:\/\/smz.lt\/pl\/wp-json\/wp\/v2\/categories?post=7349"},{"taxonomy":"post_tag","embeddable":true,"href":"https:\/\/smz.lt\/pl\/wp-json\/wp\/v2\/tags?post=7349"}],"curies":[{"name":"wp","href":"https:\/\/api.w.org\/{rel}","templated":true}]}}