{"id":16551,"date":"2026-09-01T19:15:24","date_gmt":"2026-09-01T16:15:24","guid":{"rendered":"https:\/\/smz.lt\/?p=16551"},"modified":"2026-09-01T19:16:33","modified_gmt":"2026-09-01T16:16:33","slug":"naujieji-mokslo-metai-prasidejo","status":"publish","type":"post","link":"https:\/\/smz.lt\/pl\/naujieji-mokslo-metai-prasidejo\/","title":{"rendered":"Nowy rok szkolny rozpocz\u0119ty!"},"content":{"rendered":"<p>1 wrze\u015bnia w naszej szkole ponownie zabrzmia\u0142 pierwszy dzwonek. By\u0142 to dzie\u0144 pe\u0142en rado\u015bci, wzrusze\u0144 i ciep\u0142ych spotka\u0144, szczeg\u00f3lnie wa\u017cny dla naszych najm\u0142odszych uczni\u00f3w, kt\u00f3rzy po raz pierwszy przekroczyli pr\u00f3g szko\u0142y.<\/p>\n<p>Uroczysto\u015b\u0107 rozpocz\u0119li\u015bmy Msz\u0105 \u015awi\u0119t\u0105 w ko\u015bciele pw. Tr\u00f3jcy \u015awi\u0119tej w Suderwie. Nast\u0119pnie ca\u0142a spo\u0142eczno\u015b\u0107 szkolna \u2013 uczniowie, nauczyciele, rodzice i go\u015bcie \u2013 spotka\u0142a si\u0119 na uroczystym apelu.<\/p>\n<p>W tym wyj\u0105tkowym dniu nie zabrak\u0142o serdecznych \u017cycze\u0144 i niespodzianek. Przedstawicielka\u00a0 Samorz\u0105du Rejonu Wile\u0144skiego Zita Pup\u0161ien\u0117 przekaza\u0142a pozdrowienia od mera oraz s\u0142odki upominek dla dzieci. \u017byczenia i prezenty dla najm\u0142odszych przekaza\u0142a r\u00f3wnie\u017c starosta Gminy Suderwa pani Czes\u0142awa Pawi\u0142owicz. Ciep\u0142e s\u0142owa skierowa\u0142 do uczni\u00f3w tak\u017ce doradca zawodowy Waldemar Choro\u015bcin.<\/p>\n<p>Szczeg\u00f3lnie wzruszaj\u0105cym momentem by\u0142o po\u015bwi\u0119cenie wyprawek szkolnych dla pierwszoklasist\u00f3w przez ksi\u0119dza proboszcza Kestutisa Uleckasa. Wyprawki dla pierwszoklasist\u00f3w zosta\u0142y ufundowane w ramach programu <strong>\u201eBon Pierwszaka\u201d<\/strong>, realizowanego przez <strong>Instytut Rozwoju J\u0119zyka Polskiego im. \u015bw. Maksymiliana Marii Kolbego<\/strong> ze \u015brodk\u00f3w bud\u017cetu pa\u0144stwa, przy wsp\u00f3\u0142pracy ze <strong>Stowarzyszeniem Nauczycieli Szk\u00f3\u0142 Polskich \u201eMacierz Szkolna\u201d<\/strong>. Serdecznie dzi\u0119kujemy za ten pi\u0119kny gest!<\/p>\n<p>Pani dyrektor Renata Starenkien\u0117, witaj\u0105c ca\u0142\u0105 spo\u0142eczno\u015b\u0107 szkoln\u0105, z\u0142o\u017cy\u0142a uczniom, nauczycielom i rodzicom serdeczne \u017cyczenia na nowy rok szkolny. \u017byczy\u0142a wszystkim wytrwa\u0142o\u015bci, wzajemnej \u017cyczliwo\u015bci, wielu sukces\u00f3w oraz tego, aby nadchodz\u0105ce miesi\u0105ce by\u0142y czasem rozwoju, ciekawych do\u015bwiadcze\u0144 i pi\u0119knych chwil sp\u0119dzonych razem.<\/p>\n<p>Po cz\u0119\u015bci oficjalnej uczniowie spotkali si\u0119 z wychowawcami i rozpocz\u0119li swoj\u0105 pierwsz\u0105 lekcj\u0119 w nowym roku szkolnym.<\/p>\n<p><strong>Niech ten rok b\u0119dzie pe\u0142en inspiracji, przyja\u017ani, odkrywania nowych pasji i ma\u0142ych oraz wielkich sukces\u00f3w! <\/strong><\/p>","protected":false},"excerpt":{"rendered":"<p>1 wrze\u015bnia w naszej szkole ponownie zabrzmia\u0142 pierwszy dzwonek. By\u0142 to dzie\u0144 pe\u0142en rado\u015bci, wzrusze\u0144 i ciep\u0142ych spotka\u0144, szczeg\u00f3lnie wa\u017cny [&hellip;]<\/p>\n","protected":false},"author":7,"featured_media":16552,"comment_status":"closed","ping_status":"open","sticky":false,"template":"","format":"standard","meta":[],"categories":[1],"tags":[],"_links":{"self":[{"href":"https:\/\/smz.lt\/pl\/wp-json\/wp\/v2\/posts\/16551"}],"collection":[{"href":"https:\/\/smz.lt\/pl\/wp-json\/wp\/v2\/posts"}],"about":[{"href":"https:\/\/smz.lt\/pl\/wp-json\/wp\/v2\/types\/post"}],"author":[{"embeddable":true,"href":"https:\/\/smz.lt\/pl\/wp-json\/wp\/v2\/users\/7"}],"replies":[{"embeddable":true,"href":"https:\/\/smz.lt\/pl\/wp-json\/wp\/v2\/comments?post=16551"}],"version-history":[{"count":2,"href":"https:\/\/smz.lt\/pl\/wp-json\/wp\/v2\/posts\/16551\/revisions"}],"predecessor-version":[{"id":16577,"href":"https:\/\/smz.lt\/pl\/wp-json\/wp\/v2\/posts\/16551\/revisions\/16577"}],"wp:featuredmedia":[{"embeddable":true,"href":"https:\/\/smz.lt\/pl\/wp-json\/wp\/v2\/media\/16552"}],"wp:attachment":[{"href":"https:\/\/smz.lt\/pl\/wp-json\/wp\/v2\/media?parent=16551"}],"wp:term":[{"taxonomy":"category","embeddable":true,"href":"https:\/\/smz.lt\/pl\/wp-json\/wp\/v2\/categories?post=16551"},{"taxonomy":"post_tag","embeddable":true,"href":"https:\/\/smz.lt\/pl\/wp-json\/wp\/v2\/tags?post=16551"}],"curies":[{"name":"wp","href":"https:\/\/api.w.org\/{rel}","templated":true}]}}