{"id":13158,"date":"2025-03-13T15:36:35","date_gmt":"2025-03-13T13:36:35","guid":{"rendered":"https:\/\/smz.lt\/?p=13158"},"modified":"2025-03-13T15:38:09","modified_gmt":"2025-03-13T13:38:09","slug":"polski-wizyta-mera-samorzadu-rejonu-wilenskiego","status":"publish","type":"post","link":"https:\/\/smz.lt\/pl\/polski-wizyta-mera-samorzadu-rejonu-wilenskiego\/","title":{"rendered":"Wizyta Mera Samorz\u0105du Rejonu Wile\u0144skiego"},"content":{"rendered":"<p>Mer Samorz\u0105du Rejonu Wile\u0144skiego, Robert Duchniewicz, odwiedzi\u0142 szko\u0142\u0119 Mariana Zdziechowskiego w Suderwie, gdzie poprowadzi\u0142 lekcj\u0119 obywatelsk\u0105 dla uczni\u00f3w, zach\u0119caj\u0105c ich do zainteresowania si\u0119 demokracj\u0105, prawami obywatelskimi i obowi\u0105zkami. Dzieli\u0142 si\u0119 swoim do\u015bwiadczeniem, odpowiada\u0142 na pytania uczni\u00f3w i podkre\u015bla\u0142 znaczenie aktywnego uczestnictwa w \u017cyciu spo\u0142ecznym.<\/p>\n<p>Podczas wizyty mer obejrza\u0142 r\u00f3wnie\u017c niedawno odnowiony budynek szko\u0142y, interesowa\u0142 si\u0119 pracami modernizacyjnymi oraz mo\u017cliwo\u015bciami, jakie one stwarzaj\u0105 dla uczni\u00f3w i nauczycieli \u2013 lepszymi warunkami do nauki, nowoczesnym wyposa\u017ceniem dydaktycznym, odnowionymi klasami oraz przestrzeniami do tw\u00f3rczej i projektowej dzia\u0142alno\u015bci. Mer wyrazi\u0142 rado\u015b\u0107, \u017ce szko\u0142a staje si\u0119 coraz bardziej nowoczesna i doskonale odpowiada na potrzeby uczni\u00f3w.<\/p>\n<p>Dzi\u0119kujemy merowi za warto\u015bciowe spotkanie, inspiruj\u0105ce lekcje oraz po\u015bwi\u0119con\u0105 uwag\u0119 m\u0142odemu pokoleniu!<\/p>","protected":false},"excerpt":{"rendered":"<p>Mer Samorz\u0105du Rejonu Wile\u0144skiego, Robert Duchniewicz, odwiedzi\u0142 szko\u0142\u0119 Mariana Zdziechowskiego w Suderwie, gdzie poprowadzi\u0142 lekcj\u0119 obywatelsk\u0105 dla uczni\u00f3w, zach\u0119caj\u0105c ich [&hellip;]<\/p>\n","protected":false},"author":6,"featured_media":13160,"comment_status":"closed","ping_status":"open","sticky":false,"template":"","format":"standard","meta":[],"categories":[1],"tags":[],"_links":{"self":[{"href":"https:\/\/smz.lt\/pl\/wp-json\/wp\/v2\/posts\/13158"}],"collection":[{"href":"https:\/\/smz.lt\/pl\/wp-json\/wp\/v2\/posts"}],"about":[{"href":"https:\/\/smz.lt\/pl\/wp-json\/wp\/v2\/types\/post"}],"author":[{"embeddable":true,"href":"https:\/\/smz.lt\/pl\/wp-json\/wp\/v2\/users\/6"}],"replies":[{"embeddable":true,"href":"https:\/\/smz.lt\/pl\/wp-json\/wp\/v2\/comments?post=13158"}],"version-history":[{"count":2,"href":"https:\/\/smz.lt\/pl\/wp-json\/wp\/v2\/posts\/13158\/revisions"}],"predecessor-version":[{"id":13164,"href":"https:\/\/smz.lt\/pl\/wp-json\/wp\/v2\/posts\/13158\/revisions\/13164"}],"wp:featuredmedia":[{"embeddable":true,"href":"https:\/\/smz.lt\/pl\/wp-json\/wp\/v2\/media\/13160"}],"wp:attachment":[{"href":"https:\/\/smz.lt\/pl\/wp-json\/wp\/v2\/media?parent=13158"}],"wp:term":[{"taxonomy":"category","embeddable":true,"href":"https:\/\/smz.lt\/pl\/wp-json\/wp\/v2\/categories?post=13158"},{"taxonomy":"post_tag","embeddable":true,"href":"https:\/\/smz.lt\/pl\/wp-json\/wp\/v2\/tags?post=13158"}],"curies":[{"name":"wp","href":"https:\/\/api.w.org\/{rel}","templated":true}]}}