{"id":12484,"date":"2024-12-10T07:06:32","date_gmt":"2024-12-10T05:06:32","guid":{"rendered":"https:\/\/smz.lt\/?p=12484"},"modified":"2024-12-10T07:07:13","modified_gmt":"2024-12-10T05:07:13","slug":"ziniu-konkursas-apie-lenkijos-literaturos-nobelio-premijos-laureatus","status":"publish","type":"post","link":"https:\/\/smz.lt\/pl\/ziniu-konkursas-apie-lenkijos-literaturos-nobelio-premijos-laureatus\/","title":{"rendered":"\u201eKonkurs Wiedzy o Polskich Laureatach Literackiej Nagrody Nobla\u201d"},"content":{"rendered":"<p>9 grudnia w Gimnazjum im. Longina Komo\u0142owskiego w Po\u0142ukniu odby\u0142 si\u0119 \u201eKonkurs Wiedzy o Polskich Laureatach Literackiej Nagrody Nobla\u201d, b\u0119d\u0105cy zako\u0144czeniem projektu \u201ePi\u00f3rem po Nobla\u201d.W konkursie wzi\u0119\u0142o udzia\u0142 45 uczni\u00f3w z trzech szk\u00f3\u0142: gospodarzy, Gimnazjum w Trokach oraz naszej szko\u0142y. Uczestnicy wykazali si\u0119 wiedz\u0105 o tw\u00f3rczo\u015bci polskich noblist\u00f3w, takich jak Maria Sk\u0142odowska-Curie ,Henryk Sienkiewicz, W\u0142adys\u0142aw Reymont, Czes\u0142aw Mi\u0142osz, Lech Wa\u0142\u0119sa, Wis\u0142awa Szymborska, Olga Tokarczuk. Wydarzenie rozpocz\u0119\u0142o si\u0119 wyst\u0105pieniem dyrektor gimnazjum Renaty Krasowskiej, a dzi\u0119ki technologiom informatycznym s\u0142owo wst\u0119pne wyg\u0142osi\u0142 organizator projektu, Sebastian Zielonka. Uroczyst\u0105 atmosfer\u0119 dope\u0142ni\u0142 wyst\u0119p szkolnego zespo\u0142u \u201eStrumyczek\u201d. Spo\u015br\u00f3d 45 uczestnik\u00f3w konkursu do 10 najlepszych z naszej szko\u0142y trafili: w kategorii klas 5-7 Sylwester \u0141ozowski, w kategorii klas 8-10 laureatami zostali: Ernest Koz\u0142owas, Milena Baniukiewicz i Kamila Michalkiewicz. Gratulujemy wszystkim zwyci\u0119zcom za ich ogromn\u0105 wiedz\u0119 oraz pasj\u0119! Serdecznie dzi\u0119kujemy wszystkim uczestnikom, nauczycielom, organizatorom oraz osobom zaanga\u017cowanym w przygotowanie i realizacj\u0119 tego wyj\u0105tkowego wydarzenia.<\/p>","protected":false},"excerpt":{"rendered":"<p>9 grudnia w Gimnazjum im. Longina Komo\u0142owskiego w Po\u0142ukniu odby\u0142 si\u0119 \u201eKonkurs Wiedzy o Polskich Laureatach Literackiej Nagrody Nobla\u201d, b\u0119d\u0105cy [&hellip;]<\/p>\n","protected":false},"author":6,"featured_media":12490,"comment_status":"closed","ping_status":"open","sticky":false,"template":"","format":"standard","meta":[],"categories":[1],"tags":[],"_links":{"self":[{"href":"https:\/\/smz.lt\/pl\/wp-json\/wp\/v2\/posts\/12484"}],"collection":[{"href":"https:\/\/smz.lt\/pl\/wp-json\/wp\/v2\/posts"}],"about":[{"href":"https:\/\/smz.lt\/pl\/wp-json\/wp\/v2\/types\/post"}],"author":[{"embeddable":true,"href":"https:\/\/smz.lt\/pl\/wp-json\/wp\/v2\/users\/6"}],"replies":[{"embeddable":true,"href":"https:\/\/smz.lt\/pl\/wp-json\/wp\/v2\/comments?post=12484"}],"version-history":[{"count":2,"href":"https:\/\/smz.lt\/pl\/wp-json\/wp\/v2\/posts\/12484\/revisions"}],"predecessor-version":[{"id":12492,"href":"https:\/\/smz.lt\/pl\/wp-json\/wp\/v2\/posts\/12484\/revisions\/12492"}],"wp:featuredmedia":[{"embeddable":true,"href":"https:\/\/smz.lt\/pl\/wp-json\/wp\/v2\/media\/12490"}],"wp:attachment":[{"href":"https:\/\/smz.lt\/pl\/wp-json\/wp\/v2\/media?parent=12484"}],"wp:term":[{"taxonomy":"category","embeddable":true,"href":"https:\/\/smz.lt\/pl\/wp-json\/wp\/v2\/categories?post=12484"},{"taxonomy":"post_tag","embeddable":true,"href":"https:\/\/smz.lt\/pl\/wp-json\/wp\/v2\/tags?post=12484"}],"curies":[{"name":"wp","href":"https:\/\/api.w.org\/{rel}","templated":true}]}}