{"id":12458,"date":"2024-12-06T17:06:12","date_gmt":"2024-12-06T15:06:12","guid":{"rendered":"https:\/\/smz.lt\/?p=12458"},"modified":"2024-12-06T17:06:48","modified_gmt":"2024-12-06T15:06:48","slug":"polski-wirtualna-podroz-sladami-aniolow-spotkanie-z-tworczoscia-m-k-ciurlionisa","status":"publish","type":"post","link":"https:\/\/smz.lt\/pl\/polski-wirtualna-podroz-sladami-aniolow-spotkanie-z-tworczoscia-m-k-ciurlionisa\/","title":{"rendered":"Wirtualna podr\u00f3\u017c \u201e\u015aladami Anio\u0142\u00f3w\u201d \u2013 spotkanie z tw\u00f3rczo\u015bci\u0105 M. K. \u010ciurlionisa"},"content":{"rendered":"<p>6 grudnia uczniowie klas 5\u201310 wzi\u0119li udzia\u0142 w niezwyk\u0142ych zaj\u0119ciach edukacyjnych <strong>\u201e\u015aladami Anio\u0142\u00f3w\u201d<\/strong>, sfinansowanych w ramach programu <strong>Paszport Kultury<\/strong>. To unikalne do\u015bwiadczenie wirtualnej rzeczywisto\u015bci sta\u0142o si\u0119 nie tylko interesuj\u0105cym spotkaniem z tw\u00f3rczo\u015bci\u0105 litewskiego artysty <strong>M. K. \u010ciurlionisa<\/strong>, ale tak\u017ce wa\u017cnym elementem zintegrowanego procesu nauczania.<\/p>\n<p>Dzi\u0119ki technologii wirtualnej rzeczywisto\u015bci uczniowie zanurzyli si\u0119 w \u015bwiat 60 dzie\u0142 \u010ciurlionisa \u2013 zar\u00f3wno tych znanych, jak <strong>\u201eSpok\u00f3j\u201d<\/strong> czy <strong>\u201eAnio\u0142ki\u201d<\/strong>, jak i mniej popularnych obraz\u00f3w. Zaj\u0119cia pozwoli\u0142y nie tylko ogl\u0105da\u0107 obrazy, ale r\u00f3wnie\u017c wchodzi\u0107 z nimi w interakcj\u0119 \u2013 proces obserwacji zmienia\u0142 wirtualn\u0105 przestrze\u0144, oferuj\u0105c g\u0142\u0119bsze prze\u017cycia emocjonalne oraz estetyczne.<\/p>\n<p>Zaj\u0119cia nie zako\u0144czy\u0142y si\u0119 na do\u015bwiadczeniu wirtualnej rzeczywisto\u015bci \u2013 uczniowie b\u0119d\u0105 analizowa\u0107 swoje wra\u017cenia i prze\u017cycia na lekcjach j\u0119zyka litewskiego oraz plastyki. Podczas dyskusji om\u00f3wi\u0105 emocjonalny wyraz obraz\u00f3w, ich symbolik\u0119 i znaczenie artystyczne, a w ramach tw\u00f3rczych zada\u0144 b\u0119d\u0105 mieli mo\u017cliwo\u015b\u0107 interpretowa\u0107 tw\u00f3rczo\u015b\u0107 \u010ciurlionisa poprzez w\u0142asne prace plastyczne lub literackie. Takie podej\u015bcie interdyscyplinarne rozwija nie tylko kreatywno\u015b\u0107, lecz tak\u017ce pog\u0142\u0119bia zrozumienie zwi\u0105zk\u00f3w mi\u0119dzy sztuk\u0105 a literatur\u0105.<\/p>","protected":false},"excerpt":{"rendered":"<p>6 grudnia uczniowie klas 5\u201310 wzi\u0119li udzia\u0142 w niezwyk\u0142ych zaj\u0119ciach edukacyjnych \u201e\u015aladami Anio\u0142\u00f3w\u201d, sfinansowanych w ramach programu Paszport Kultury. To [&hellip;]<\/p>\n","protected":false},"author":6,"featured_media":12464,"comment_status":"closed","ping_status":"open","sticky":false,"template":"","format":"standard","meta":[],"categories":[1],"tags":[],"_links":{"self":[{"href":"https:\/\/smz.lt\/pl\/wp-json\/wp\/v2\/posts\/12458"}],"collection":[{"href":"https:\/\/smz.lt\/pl\/wp-json\/wp\/v2\/posts"}],"about":[{"href":"https:\/\/smz.lt\/pl\/wp-json\/wp\/v2\/types\/post"}],"author":[{"embeddable":true,"href":"https:\/\/smz.lt\/pl\/wp-json\/wp\/v2\/users\/6"}],"replies":[{"embeddable":true,"href":"https:\/\/smz.lt\/pl\/wp-json\/wp\/v2\/comments?post=12458"}],"version-history":[{"count":2,"href":"https:\/\/smz.lt\/pl\/wp-json\/wp\/v2\/posts\/12458\/revisions"}],"predecessor-version":[{"id":12466,"href":"https:\/\/smz.lt\/pl\/wp-json\/wp\/v2\/posts\/12458\/revisions\/12466"}],"wp:featuredmedia":[{"embeddable":true,"href":"https:\/\/smz.lt\/pl\/wp-json\/wp\/v2\/media\/12464"}],"wp:attachment":[{"href":"https:\/\/smz.lt\/pl\/wp-json\/wp\/v2\/media?parent=12458"}],"wp:term":[{"taxonomy":"category","embeddable":true,"href":"https:\/\/smz.lt\/pl\/wp-json\/wp\/v2\/categories?post=12458"},{"taxonomy":"post_tag","embeddable":true,"href":"https:\/\/smz.lt\/pl\/wp-json\/wp\/v2\/tags?post=12458"}],"curies":[{"name":"wp","href":"https:\/\/api.w.org\/{rel}","templated":true}]}}