{"id":12188,"date":"2024-11-20T12:14:37","date_gmt":"2024-11-20T10:14:37","guid":{"rendered":"https:\/\/smz.lt\/?p=12188"},"modified":"2024-12-06T16:59:23","modified_gmt":"2024-12-06T14:59:23","slug":"koncertas-na-polska-nute","status":"publish","type":"post","link":"https:\/\/smz.lt\/pl\/koncertas-na-polska-nute\/","title":{"rendered":"Koncert \u201eNa polsk\u0105 nut\u0119\u201d \u2013 zwie\u0144czenie warsztat\u00f3w muzyczno-tanecznych"},"content":{"rendered":"<p>19 listopada w naszej szkole odby\u0142 si\u0119 wyj\u0105tkowy koncert pt. \u201eNa polsk\u0105 nut\u0119\u201d. Wydarzenie to by\u0142o podsumowaniem pi\u0119ciodniowych warsztat\u00f3w taneczno-muzycznych, w kt\u00f3rych uczestniczyli uczniowie Gimnazjum im. ksi\u0119dza J\u00f3zefa Obrembskiego w Mejszagole oraz Szko\u0142y Podstawowej im. Mariana Zdziechowskiego w Suderwie.<\/p>\n<p>Podczas koncertu m\u0142odzi arty\u015bci zaprezentowali efekty swojej intensywnej pracy, zachwycaj\u0105c publiczno\u015b\u0107 polskimi pie\u015bniami i ta\u0144cami, kt\u00f3re przygotowywali pod czujnym okiem do\u015bwiadczonych instruktor\u00f3w. Wyst\u0119p uczni\u00f3w wzbogaci\u0142y r\u00f3wnie\u017c prezentacje Zespo\u0142u Pie\u015bni i Ta\u0144ca \u201eSoko\u0142owianie\u201d, kt\u00f3ry wni\u00f3s\u0142 do wieczoru swoj\u0105 energi\u0119 i profesjonalizm.<\/p>\n<p>Warsztaty muzyczno-taneczne, kt\u00f3re zaowocowa\u0142y tym niezapomnianym wydarzeniem, zosta\u0142y zorganizowane we wsp\u00f3\u0142pracy ze Stowarzyszeniem Centrum Dialogu Kultur w W\u0119growie. Realizacja tego przedsi\u0119wzi\u0119cia by\u0142a mo\u017cliwa dzi\u0119ki wsparciu Instytutu Rozwoju J\u0119zyka Polskiego, kt\u00f3ry sfinansowa\u0142 projekt ze \u015brodk\u00f3w Ministerstwa Edukacji Narodowej.<\/p>\n<p>Wiecz\u00f3r wype\u0142niony muzyk\u0105, ta\u0144cem i pozytywn\u0105 energi\u0105 nie tylko dostarczy\u0142 niezapomnianych wra\u017ce\u0144, ale r\u00f3wnie\u017c by\u0142 pi\u0119kn\u0105 promocj\u0105 polskiego dziedzictwa kulturowego. Dzi\u0119kujemy wszystkim, kt\u00f3rzy przyczynili si\u0119 do jego organizacji, a tak\u017ce widzom za tak liczne przybycie!<\/p>","protected":false},"excerpt":{"rendered":"<p>19 listopada w naszej szkole odby\u0142 si\u0119 wyj\u0105tkowy koncert pt. \u201eNa polsk\u0105 nut\u0119\u201d. Wydarzenie to by\u0142o podsumowaniem pi\u0119ciodniowych warsztat\u00f3w taneczno-muzycznych, [&hellip;]<\/p>\n","protected":false},"author":6,"featured_media":0,"comment_status":"closed","ping_status":"open","sticky":false,"template":"","format":"standard","meta":[],"categories":[1],"tags":[],"_links":{"self":[{"href":"https:\/\/smz.lt\/pl\/wp-json\/wp\/v2\/posts\/12188"}],"collection":[{"href":"https:\/\/smz.lt\/pl\/wp-json\/wp\/v2\/posts"}],"about":[{"href":"https:\/\/smz.lt\/pl\/wp-json\/wp\/v2\/types\/post"}],"author":[{"embeddable":true,"href":"https:\/\/smz.lt\/pl\/wp-json\/wp\/v2\/users\/6"}],"replies":[{"embeddable":true,"href":"https:\/\/smz.lt\/pl\/wp-json\/wp\/v2\/comments?post=12188"}],"version-history":[{"count":2,"href":"https:\/\/smz.lt\/pl\/wp-json\/wp\/v2\/posts\/12188\/revisions"}],"predecessor-version":[{"id":12200,"href":"https:\/\/smz.lt\/pl\/wp-json\/wp\/v2\/posts\/12188\/revisions\/12200"}],"wp:attachment":[{"href":"https:\/\/smz.lt\/pl\/wp-json\/wp\/v2\/media?parent=12188"}],"wp:term":[{"taxonomy":"category","embeddable":true,"href":"https:\/\/smz.lt\/pl\/wp-json\/wp\/v2\/categories?post=12188"},{"taxonomy":"post_tag","embeddable":true,"href":"https:\/\/smz.lt\/pl\/wp-json\/wp\/v2\/tags?post=12188"}],"curies":[{"name":"wp","href":"https:\/\/api.w.org\/{rel}","templated":true}]}}