{"id":11693,"date":"2024-10-17T11:51:31","date_gmt":"2024-10-17T08:51:31","guid":{"rendered":"https:\/\/smz.lt\/?p=11693"},"modified":"2024-10-17T11:51:59","modified_gmt":"2024-10-17T08:51:59","slug":"mokiniu-dalyvavimas-zoniniame-deklamavimo-konkurse-kresy-2024","status":"publish","type":"post","link":"https:\/\/smz.lt\/pl\/mokiniu-dalyvavimas-zoniniame-deklamavimo-konkurse-kresy-2024\/","title":{"rendered":"Udzia\u0142 uczni\u00f3w w strefowym konkursie recytatorskim \u201eKresy 2024\u201d"},"content":{"rendered":"<p>16 pa\u017adziernika uczniowie naszej szko\u0142y mieli zaszczyt wzi\u0105\u0107 udzia\u0142 w strefowym konkursie recytatorskim \u201eKresy 2024\u201d, kt\u00f3ry odby\u0142 si\u0119 w Szkole Podstawowej im. \u015bw. Faustyny Kowalskiej w Rzeszy. Wydarzenie to zgromadzi\u0142o 32 uczestnik\u00f3w, podzielonych na cztery grupy wiekowe. Wyb\u00f3r najlepszych spo\u015br\u00f3d najlepszych by\u0142 nie lada wyzwaniem dla komisji, co pokazuje wysoki poziom tegorocznego konkursu.<\/p>\n<p>Jeste\u015bmy niezmiernie dumni, \u017ce m\u0142odzie\u017c tak ch\u0119tnie si\u0119ga po poezj\u0119 \u2013 sztuk\u0119, kt\u00f3ra ma moc czynienia \u015bwiata pi\u0119kniejszym. Laureatami z naszej szko\u0142y zostali:<\/p>\n<p>Laura Maria Moskal \u2013 klasa 3<\/p>\n<p>Amelija Dainovska \u2013 klasa 5<\/p>\n<p>Maksymilian Daniszewski \u2013 klasa 9<\/p>\n<p>Oliwia Starenko \u2013 klasa 9<\/p>\n<p>Ewelina Szyd\u0142owska \u2013 klasa 10<\/p>\n<p>Serdecznie gratulujemy naszym uczniom sukcesu i \u017cyczymy powodzenia w kolejnych etapach konkursu, podczas rejonowych eliminacji!<\/p>\n<p>Szczeg\u00f3ilne podzi\u0119kowania kierujemy do pani Krystyny Stankevi\u010dien\u0117 oraz pani Renaty Romejko, kt\u00f3re z ogromnym zaanga\u017cowaniem przygotowa\u0142y laureat\u00f3w do tego konkursu.<\/p>","protected":false},"excerpt":{"rendered":"<p>16 pa\u017adziernika uczniowie naszej szko\u0142y mieli zaszczyt wzi\u0105\u0107 udzia\u0142 w strefowym konkursie recytatorskim \u201eKresy 2024\u201d, kt\u00f3ry odby\u0142 si\u0119 w Szkole [&hellip;]<\/p>\n","protected":false},"author":6,"featured_media":11705,"comment_status":"closed","ping_status":"open","sticky":false,"template":"","format":"standard","meta":[],"categories":[10],"tags":[],"_links":{"self":[{"href":"https:\/\/smz.lt\/pl\/wp-json\/wp\/v2\/posts\/11693"}],"collection":[{"href":"https:\/\/smz.lt\/pl\/wp-json\/wp\/v2\/posts"}],"about":[{"href":"https:\/\/smz.lt\/pl\/wp-json\/wp\/v2\/types\/post"}],"author":[{"embeddable":true,"href":"https:\/\/smz.lt\/pl\/wp-json\/wp\/v2\/users\/6"}],"replies":[{"embeddable":true,"href":"https:\/\/smz.lt\/pl\/wp-json\/wp\/v2\/comments?post=11693"}],"version-history":[{"count":2,"href":"https:\/\/smz.lt\/pl\/wp-json\/wp\/v2\/posts\/11693\/revisions"}],"predecessor-version":[{"id":11707,"href":"https:\/\/smz.lt\/pl\/wp-json\/wp\/v2\/posts\/11693\/revisions\/11707"}],"wp:featuredmedia":[{"embeddable":true,"href":"https:\/\/smz.lt\/pl\/wp-json\/wp\/v2\/media\/11705"}],"wp:attachment":[{"href":"https:\/\/smz.lt\/pl\/wp-json\/wp\/v2\/media?parent=11693"}],"wp:term":[{"taxonomy":"category","embeddable":true,"href":"https:\/\/smz.lt\/pl\/wp-json\/wp\/v2\/categories?post=11693"},{"taxonomy":"post_tag","embeddable":true,"href":"https:\/\/smz.lt\/pl\/wp-json\/wp\/v2\/tags?post=11693"}],"curies":[{"name":"wp","href":"https:\/\/api.w.org\/{rel}","templated":true}]}}