{"id":10232,"date":"2024-05-09T17:53:04","date_gmt":"2024-05-09T14:53:04","guid":{"rendered":"https:\/\/smz.lt\/?p=10232"},"modified":"2024-05-09T17:55:09","modified_gmt":"2024-05-09T14:55:09","slug":"isvyka-i-suderves-centrine-biblioteka","status":"publish","type":"post","link":"https:\/\/smz.lt\/pl\/isvyka-i-suderves-centrine-biblioteka\/","title":{"rendered":"Wycieczka do Biblioteki Centralnej w Suderwie"},"content":{"rendered":"<p>W ramach opanowania projektu \u201eMagiczna moc bajek\u201d 9 maja przedszkolakom z grupy ,,Pszcz\u00f3\u0142ki\u201c zosta\u0142a zorganizowana wycieczka poznawcza do Biblioteki Centralnej w Suderwie. Celem wycieczki by\u0142o zapoznanie dzieci z dzia\u0142alno\u015bci\u0105 biblioteki, kszta\u0142towanie poczucia szacunku dla ksi\u0105\u017cek, rozbudzanie zainteresowa\u0144 czytelniczych. Odby\u0142o si\u0119 zaj\u0119cie edukacyjne, podczas kt\u00f3rego Pani Barbara zapozna\u0142a dzieci z prac\u0105 bibliotekarza, pokaza\u0142a jakie s\u0105 ksi\u0105\u017cki i zach\u0119ca\u0142a do ich wypo\u017cyczania. Przedszkolaki mia\u0142y okazj\u0119 obejrze\u0107 filmik edukacyjny ,,Przygoda kotka w bibliotece\u201c, tak\u017ce zapozna\u0107 si\u0119 z regulaminem poszanowania ksi\u0105\u017cki, pos\u0142ucha\u0107 r\u00f3\u017cnych weso\u0142ych opowiada\u0144, dowiedzia\u0142y si\u0119 jak powstaje ksi\u0105\u017cka oraz jakie ulubione postacie z bajek mo\u017cemy tam spotka\u0107. Odby\u0142a si\u0119 r\u00f3wnie\u017c kr\u00f3tka pogaw\u0119dka jak zosta\u0107 czytelnikiem. Spotkanie zako\u0144czy\u0142o si\u0119 wspania\u0142ymi zabawami na \u015bwie\u017cym powietrzu przygotowanym dla dzieci. Zach\u0119camy dzieci z rodzicami do cz\u0119stego odwiedzania biblioteki i wsp\u00f3lnego czytania bajek w domowym zaciszu.<br \/>\nDzi\u0119kujemy pani Barbarze oraz Genoefie za mi\u0142e, ciekawe i tre\u015bciwe zaj\u0119cie.<\/p>","protected":false},"excerpt":{"rendered":"<p>W ramach opanowania projektu \u201eMagiczna moc bajek\u201d 9 maja przedszkolakom z grupy ,,Pszcz\u00f3\u0142ki\u201c zosta\u0142a zorganizowana wycieczka poznawcza do Biblioteki Centralnej [&hellip;]<\/p>\n","protected":false},"author":6,"featured_media":10236,"comment_status":"closed","ping_status":"open","sticky":false,"template":"","format":"standard","meta":[],"categories":[1],"tags":[],"_links":{"self":[{"href":"https:\/\/smz.lt\/pl\/wp-json\/wp\/v2\/posts\/10232"}],"collection":[{"href":"https:\/\/smz.lt\/pl\/wp-json\/wp\/v2\/posts"}],"about":[{"href":"https:\/\/smz.lt\/pl\/wp-json\/wp\/v2\/types\/post"}],"author":[{"embeddable":true,"href":"https:\/\/smz.lt\/pl\/wp-json\/wp\/v2\/users\/6"}],"replies":[{"embeddable":true,"href":"https:\/\/smz.lt\/pl\/wp-json\/wp\/v2\/comments?post=10232"}],"version-history":[{"count":2,"href":"https:\/\/smz.lt\/pl\/wp-json\/wp\/v2\/posts\/10232\/revisions"}],"predecessor-version":[{"id":10246,"href":"https:\/\/smz.lt\/pl\/wp-json\/wp\/v2\/posts\/10232\/revisions\/10246"}],"wp:featuredmedia":[{"embeddable":true,"href":"https:\/\/smz.lt\/pl\/wp-json\/wp\/v2\/media\/10236"}],"wp:attachment":[{"href":"https:\/\/smz.lt\/pl\/wp-json\/wp\/v2\/media?parent=10232"}],"wp:term":[{"taxonomy":"category","embeddable":true,"href":"https:\/\/smz.lt\/pl\/wp-json\/wp\/v2\/categories?post=10232"},{"taxonomy":"post_tag","embeddable":true,"href":"https:\/\/smz.lt\/pl\/wp-json\/wp\/v2\/tags?post=10232"}],"curies":[{"name":"wp","href":"https:\/\/api.w.org\/{rel}","templated":true}]}}